{"id":71,"date":"2007-11-05T17:23:58","date_gmt":"2007-11-05T15:23:58","guid":{"rendered":"http:\/\/localhost\/01\/?p=71"},"modified":"2016-08-29T23:04:09","modified_gmt":"2016-08-29T20:04:09","slug":"juodoji-nasle","status":"publish","type":"post","link":"https:\/\/yanaross.com\/?p=71","title":{"rendered":"Reiner Werner Fassbinder &#8220;Bremer Freiheit&#8221;"},"content":{"rendered":"<p>&nbsp;<\/p>\n<p><a href=\"https:\/\/yanaross.com\/wp-content\/uploads\/2012\/02\/Bremen-Freiheit-08.jpg\"><img decoding=\"async\" loading=\"lazy\" class=\"alignnone size-large wp-image-276\" src=\"https:\/\/yanaross.com\/wp-content\/uploads\/2012\/02\/Bremen-Freiheit-08-1024x696.jpg\" alt=\"Bremen Freiheit 08\" width=\"695\" height=\"472\" srcset=\"https:\/\/yanaross.com\/wp-content\/uploads\/2012\/02\/Bremen-Freiheit-08-1024x696.jpg 1024w, https:\/\/yanaross.com\/wp-content\/uploads\/2012\/02\/Bremen-Freiheit-08-300x204.jpg 300w, https:\/\/yanaross.com\/wp-content\/uploads\/2012\/02\/Bremen-Freiheit-08.jpg 1200w\" sizes=\"(max-width: 695px) 100vw, 695px\" \/><\/a><\/p>\n<h4><strong>From the interview in IEVA magazine<\/strong><\/h4>\n<p>&nbsp;<\/p>\n<p><em>Why did you choose Fassbinder\u2019s Bremen Freedom?<\/em><\/p>\n<p>I always loved Fassbinder\u2019s work for the theater because it often speaks about social issues but doesn\u2019t leave behind the human nature and he uses intense feelings and emotion to convey social injustice. This play caught my eye because a strong woman was at the center and she fought viciously for her existence and her right to have everything she wanted. Also, her choices were hard and paradoxical and I think it\u2019s true of many ambitious people to face a choice and to make a leap to reach their dream in life.<\/p>\n<p><em>What is the play about?<\/em><\/p>\n<p>The story takes place in a small German town in the 19<sup>th<\/sup> century where a housewife tries to radically change her life and take what she wants from it. She wants tremendous love, she wants success, she wants to be ahead of her time and she doesn\u2019t want to obey any social laws of propriety or behavior. She\u2019s a rebel and a dangerous one, but I love her passion for life and her great desire to be happy. I have to say that this woman kills many people close to her, who stand in her way, and this will be hard for the audience to decide whether she is right or wrong. There is no excuse for murder but there\u2019s also a question of freedom and the price one has to pay to find it. I admire her courage and I don\u2019t take the story literally, it\u2019s a parable, a lesson about uncontrolled desire and passion, a lesson of what woman is capable of in spite of what everyone else thinks.<\/p>\n<p><em>Why do you think it will be interesting for audience?<\/em><\/p>\n<p>I believe there\u2019s still a lot of tension in how men and women stereotype each other, how women are still expected to cook and men are expected to build with their hands and these stereotypes are important to us, the play examines our differences and how our modern society covers up these stereotypes with \u201cpolitically correct\u201d terms. The play is a mix of passionate love, murder mystery and obsession for total success.\u00a0 It is interesting that Fassbinder based his play on documentary events, this woman, Geesche Gottfried lived in Germany and her life was an inspiration for this play.<\/p>\n<p>The main hero in this play is a woman. Would you elaborate some of your ideas about this woman? What is she like? What does she symbolize? &#8230;<\/p>\n<p>This woman does not fit in her middle-class social circle, she\u2019s too smart and too impatient to obey the laws of her society and the oppressive will of her parents; she fights for her own happiness, love and independence but by what means, is at the center of play. How much is too much? How much does a human being want to be free and what is the price one has to pay to achieve happiness? It\u2019s an open question and at the end of the play, the audience would have to answer it, not us!<\/p>\n<div style=\"display: none;\"><span style=\"color: #fffffe;\"><a title=\"rocket japanese reviews\" href=\"http:\/\/www.therocketlanguages.com\/learn-japanese-online-learning-japanese-language-rocket-japanese\/\"><span style=\"color: #fffffe;\">rocket japanese reviews<\/span><\/a><\/span><\/div>\n<p>&nbsp;<\/p>\n<p><center><iframe loading=\"lazy\" src=\"http:\/\/www.youtube.com\/embed\/36OhTpUb4gs?rel=0\" width=\"480\" height=\"360\" frameborder=\"0\"><\/iframe><\/center>&nbsp;<\/p>\n<div class=\"su-spoiler su-spoiler-style-fancy su-spoiler-icon-chevron su-spoiler-closed\" data-scroll-offset=\"0\" data-anchor-in-url=\"no\"><div class=\"su-spoiler-title\" tabindex=\"0\" role=\"button\"><span class=\"su-spoiler-icon\"><\/span>Team<\/div><div class=\"su-spoiler-content su-u-clearfix su-u-trim\"><strong>Scenography<\/strong><strong>:\u00a0<\/strong><a href=\"http:\/\/www.teatras.lt\/lt\/teatras\/darbuotojai\/pastatymai\/marijus\/\">Marijus JACOVSKIS<\/a><\/p>\n<p><strong>Dailinink\u0117:\u00a0<\/strong><a href=\"http:\/\/www.teatras.lt\/lt\/teatras\/darbuotojai\/pastatymai\/marta\/\">Marta VOSYLI\u016aT\u0116<\/a><\/p>\n<p><strong>Composer:\u00a0<\/strong><a href=\"http:\/\/www.teatras.lt\/lt\/teatras\/darbuotojai\/pastatymai\/martynas\/\">Martynas BIALOB\u017dESKIS<\/a><\/p>\n<p>&nbsp;<\/p>\n<p><strong>Cast:<\/strong><br \/>\n<a href=\"http:\/\/www.teatras.lt\/lt\/teatras\/trupe\/rimant%C4%97_valiukait%C4%97\">Rimant\u0117 VALIUKAIT\u0116<\/a> (Ge\u0161\u0117 Gotfryd, woman who became an enterpreneur)<a href=\"http:\/\/www.teatras.lt\/lt\/teatras\/trupe\/algirdas_gradauskas\"><br \/>\nAlgirdas GRADAUSKAS<\/a> (Miltenbergeris, her first husband)<a href=\"http:\/\/www.teatras.lt\/lt\/teatras\/trupe\/vytautas_rum%C5%A1as\"><br \/>\nVytautas RUM\u0160AS<\/a>\/<a href=\"http:\/\/www.teatras.lt\/lt\/teatras\/trupe\/rimantas_bagdzevi%C4%8Dius\">Rimantas BAGDZEVI\u010cIUS<\/a> (Timas, her father)<a href=\"http:\/\/www.teatras.lt\/lt\/teatras\/trupe\/vaiva_mainelyt%C4%97\"><br \/>\nVaiva MAINELYT\u0116<\/a> (Mother)<a href=\"http:\/\/www.teatras.lt\/lt\/teatras\/trupe\/evaldas_jaras\"><br \/>\nEvaldas JARAS<\/a> (Gotfrydas, her second husband)<a href=\"http:\/\/www.teatras.lt\/lt\/teatras\/trupe\/ar%C5%ABnas_vozbutas\"><br \/>\nAr\u016bnas VOZBUTAS<\/a> (Zimermanas, her friend)<a href=\"http:\/\/www.teatras.lt\/lt\/teatras\/trupe\/saulius_balandis\"><br \/>\nSaulius BALANDIS<\/a> (Johanas, her brother)<a href=\"http:\/\/www.teatras.lt\/lt\/teatras\/trupe\/d%C5%BEiugas_siaurusaitis\"><br \/>\nD\u017eiugas SIAURUSAITIS<\/a> (Bomas, her cousin)<a href=\"http:\/\/www.teatras.lt\/lt\/teatras\/trupe\/monika_bi%C4%8Di%C5%ABnait%C4%97\"><br \/>\nMonika BI\u010cI\u016aNAIT\u0116<\/a> (Luiza Mauer, her friend)<a href=\"http:\/\/www.teatras.lt\/lt\/teatras\/trupe\/jurga_kalvaityt%C4%97\"><br \/>\nJurga KALVAITYT\u0116<\/a> (Luiza Mauer, her friend)<a href=\"http:\/\/www.teatras.lt\/lt\/teatras\/trupe\/j%C5%ABrat%C4%97_vil%C5%ABnait%C4%97\"><br \/>\nJ\u016brat\u0117 VIL\u016aNAIT\u0116<\/a> (Luiza Mauer, her friend)<a href=\"http:\/\/www.teatras.lt\/lt\/teatras\/trupe\/mindaugas_jus%C4%8Dius\"><br \/>\nMindaugas JUS\u010cIUS<\/a> (Art\u016bras)<a href=\"http:\/\/www.teatras.lt\/lt\/teatras\/trupe\/mindaugas_gradauskas\"><br \/>\nMindaugas GRADAUSKAS<\/a> (Ge\u0161\u0117&#8217;s child)<a href=\"http:\/\/www.teatras.lt\/lt\/teatras\/trupe\/motiejus%20titas_krivickas\"><br \/>\nMotiejus Titas KRIVICKAS<\/a> (Ge\u0161\u0117&#8217;s child)<a href=\"http:\/\/www.teatras.lt\/lt\/teatras\/trupe\/rimas_giedraitis\"><br \/>\nRimas GIEDRAITIS<\/a> (Father Markas, cleric)<\/div><\/div>\n\n\t\t<style type=\"text\/css\">\n\t\t\t#gallery-1 {\n\t\t\t\tmargin: auto;\n\t\t\t}\n\t\t\t#gallery-1 .gallery-item {\n\t\t\t\tfloat: left;\n\t\t\t\tmargin-top: 10px;\n\t\t\t\ttext-align: center;\n\t\t\t\twidth: 25%;\n\t\t\t}\n\t\t\t#gallery-1 img {\n\t\t\t\tborder: 2px solid #cfcfcf;\n\t\t\t}\n\t\t\t#gallery-1 .gallery-caption {\n\t\t\t\tmargin-left: 0;\n\t\t\t}\n\t\t\t\/* see gallery_shortcode() in wp-includes\/media.php *\/\n\t\t<\/style>\n\t\t<div id='gallery-1' class='gallery galleryid-71 gallery-columns-4 gallery-size-thumbnail'><dl class='gallery-item'>\n\t\t\t<dt class='gallery-icon landscape'>\n\t\t\t\t<a href='https:\/\/yanaross.com\/wp-content\/uploads\/2012\/02\/Bremen-Freiheit-01.jpg'><img width=\"150\" height=\"150\" src=\"https:\/\/yanaross.com\/wp-content\/uploads\/2012\/02\/Bremen-Freiheit-01-150x150.jpg\" class=\"attachment-thumbnail size-thumbnail\" alt=\"\" decoding=\"async\" loading=\"lazy\" srcset=\"https:\/\/yanaross.com\/wp-content\/uploads\/2012\/02\/Bremen-Freiheit-01-150x150.jpg 150w, https:\/\/yanaross.com\/wp-content\/uploads\/2012\/02\/Bremen-Freiheit-01-256x256.jpg 256w, https:\/\/yanaross.com\/wp-content\/uploads\/2012\/02\/Bremen-Freiheit-01-96x96.jpg 96w, https:\/\/yanaross.com\/wp-content\/uploads\/2012\/02\/Bremen-Freiheit-01-24x24.jpg 24w, https:\/\/yanaross.com\/wp-content\/uploads\/2012\/02\/Bremen-Freiheit-01-36x36.jpg 36w, https:\/\/yanaross.com\/wp-content\/uploads\/2012\/02\/Bremen-Freiheit-01-48x48.jpg 48w, https:\/\/yanaross.com\/wp-content\/uploads\/2012\/02\/Bremen-Freiheit-01-64x64.jpg 64w\" sizes=\"(max-width: 150px) 100vw, 150px\" \/><\/a>\n\t\t\t<\/dt><\/dl><dl class='gallery-item'>\n\t\t\t<dt class='gallery-icon landscape'>\n\t\t\t\t<a href='https:\/\/yanaross.com\/wp-content\/uploads\/2012\/02\/Bremen-Freiheit-02.jpg'><img width=\"150\" height=\"150\" src=\"https:\/\/yanaross.com\/wp-content\/uploads\/2012\/02\/Bremen-Freiheit-02-150x150.jpg\" class=\"attachment-thumbnail size-thumbnail\" alt=\"\" decoding=\"async\" loading=\"lazy\" srcset=\"https:\/\/yanaross.com\/wp-content\/uploads\/2012\/02\/Bremen-Freiheit-02-150x150.jpg 150w, https:\/\/yanaross.com\/wp-content\/uploads\/2012\/02\/Bremen-Freiheit-02-256x256.jpg 256w, https:\/\/yanaross.com\/wp-content\/uploads\/2012\/02\/Bremen-Freiheit-02-96x96.jpg 96w, https:\/\/yanaross.com\/wp-content\/uploads\/2012\/02\/Bremen-Freiheit-02-24x24.jpg 24w, https:\/\/yanaross.com\/wp-content\/uploads\/2012\/02\/Bremen-Freiheit-02-36x36.jpg 36w, https:\/\/yanaross.com\/wp-content\/uploads\/2012\/02\/Bremen-Freiheit-02-48x48.jpg 48w, https:\/\/yanaross.com\/wp-content\/uploads\/2012\/02\/Bremen-Freiheit-02-64x64.jpg 64w\" sizes=\"(max-width: 150px) 100vw, 150px\" \/><\/a>\n\t\t\t<\/dt><\/dl><dl class='gallery-item'>\n\t\t\t<dt class='gallery-icon landscape'>\n\t\t\t\t<a href='https:\/\/yanaross.com\/wp-content\/uploads\/2012\/02\/Bremen-Freiheit-03.jpg'><img width=\"150\" height=\"150\" src=\"https:\/\/yanaross.com\/wp-content\/uploads\/2012\/02\/Bremen-Freiheit-03-150x150.jpg\" class=\"attachment-thumbnail size-thumbnail\" alt=\"\" decoding=\"async\" loading=\"lazy\" srcset=\"https:\/\/yanaross.com\/wp-content\/uploads\/2012\/02\/Bremen-Freiheit-03-150x150.jpg 150w, https:\/\/yanaross.com\/wp-content\/uploads\/2012\/02\/Bremen-Freiheit-03-256x256.jpg 256w, https:\/\/yanaross.com\/wp-content\/uploads\/2012\/02\/Bremen-Freiheit-03-96x96.jpg 96w, https:\/\/yanaross.com\/wp-content\/uploads\/2012\/02\/Bremen-Freiheit-03-24x24.jpg 24w, https:\/\/yanaross.com\/wp-content\/uploads\/2012\/02\/Bremen-Freiheit-03-36x36.jpg 36w, https:\/\/yanaross.com\/wp-content\/uploads\/2012\/02\/Bremen-Freiheit-03-48x48.jpg 48w, https:\/\/yanaross.com\/wp-content\/uploads\/2012\/02\/Bremen-Freiheit-03-64x64.jpg 64w\" sizes=\"(max-width: 150px) 100vw, 150px\" \/><\/a>\n\t\t\t<\/dt><\/dl><dl class='gallery-item'>\n\t\t\t<dt class='gallery-icon landscape'>\n\t\t\t\t<a href='https:\/\/yanaross.com\/wp-content\/uploads\/2012\/02\/Bremen-Freiheit-04.jpg'><img width=\"150\" height=\"150\" src=\"https:\/\/yanaross.com\/wp-content\/uploads\/2012\/02\/Bremen-Freiheit-04-150x150.jpg\" class=\"attachment-thumbnail size-thumbnail\" alt=\"\" decoding=\"async\" loading=\"lazy\" srcset=\"https:\/\/yanaross.com\/wp-content\/uploads\/2012\/02\/Bremen-Freiheit-04-150x150.jpg 150w, https:\/\/yanaross.com\/wp-content\/uploads\/2012\/02\/Bremen-Freiheit-04-256x256.jpg 256w, https:\/\/yanaross.com\/wp-content\/uploads\/2012\/02\/Bremen-Freiheit-04-96x96.jpg 96w, https:\/\/yanaross.com\/wp-content\/uploads\/2012\/02\/Bremen-Freiheit-04-24x24.jpg 24w, https:\/\/yanaross.com\/wp-content\/uploads\/2012\/02\/Bremen-Freiheit-04-36x36.jpg 36w, https:\/\/yanaross.com\/wp-content\/uploads\/2012\/02\/Bremen-Freiheit-04-48x48.jpg 48w, https:\/\/yanaross.com\/wp-content\/uploads\/2012\/02\/Bremen-Freiheit-04-64x64.jpg 64w\" sizes=\"(max-width: 150px) 100vw, 150px\" \/><\/a>\n\t\t\t<\/dt><\/dl><br style=\"clear: both\" \/><dl class='gallery-item'>\n\t\t\t<dt class='gallery-icon landscape'>\n\t\t\t\t<a href='https:\/\/yanaross.com\/wp-content\/uploads\/2012\/02\/Bremen-Freiheit-05.jpg'><img width=\"150\" height=\"150\" src=\"https:\/\/yanaross.com\/wp-content\/uploads\/2012\/02\/Bremen-Freiheit-05-150x150.jpg\" class=\"attachment-thumbnail size-thumbnail\" alt=\"\" decoding=\"async\" loading=\"lazy\" srcset=\"https:\/\/yanaross.com\/wp-content\/uploads\/2012\/02\/Bremen-Freiheit-05-150x150.jpg 150w, https:\/\/yanaross.com\/wp-content\/uploads\/2012\/02\/Bremen-Freiheit-05-256x256.jpg 256w, https:\/\/yanaross.com\/wp-content\/uploads\/2012\/02\/Bremen-Freiheit-05-96x96.jpg 96w, https:\/\/yanaross.com\/wp-content\/uploads\/2012\/02\/Bremen-Freiheit-05-24x24.jpg 24w, https:\/\/yanaross.com\/wp-content\/uploads\/2012\/02\/Bremen-Freiheit-05-36x36.jpg 36w, https:\/\/yanaross.com\/wp-content\/uploads\/2012\/02\/Bremen-Freiheit-05-48x48.jpg 48w, https:\/\/yanaross.com\/wp-content\/uploads\/2012\/02\/Bremen-Freiheit-05-64x64.jpg 64w\" sizes=\"(max-width: 150px) 100vw, 150px\" \/><\/a>\n\t\t\t<\/dt><\/dl><dl class='gallery-item'>\n\t\t\t<dt class='gallery-icon landscape'>\n\t\t\t\t<a href='https:\/\/yanaross.com\/wp-content\/uploads\/2012\/02\/Bremen-Freiheit-06.jpg'><img width=\"150\" height=\"150\" src=\"https:\/\/yanaross.com\/wp-content\/uploads\/2012\/02\/Bremen-Freiheit-06-150x150.jpg\" class=\"attachment-thumbnail size-thumbnail\" alt=\"\" decoding=\"async\" loading=\"lazy\" srcset=\"https:\/\/yanaross.com\/wp-content\/uploads\/2012\/02\/Bremen-Freiheit-06-150x150.jpg 150w, https:\/\/yanaross.com\/wp-content\/uploads\/2012\/02\/Bremen-Freiheit-06-256x256.jpg 256w, https:\/\/yanaross.com\/wp-content\/uploads\/2012\/02\/Bremen-Freiheit-06-96x96.jpg 96w, https:\/\/yanaross.com\/wp-content\/uploads\/2012\/02\/Bremen-Freiheit-06-24x24.jpg 24w, https:\/\/yanaross.com\/wp-content\/uploads\/2012\/02\/Bremen-Freiheit-06-36x36.jpg 36w, https:\/\/yanaross.com\/wp-content\/uploads\/2012\/02\/Bremen-Freiheit-06-48x48.jpg 48w, https:\/\/yanaross.com\/wp-content\/uploads\/2012\/02\/Bremen-Freiheit-06-64x64.jpg 64w\" sizes=\"(max-width: 150px) 100vw, 150px\" \/><\/a>\n\t\t\t<\/dt><\/dl><dl class='gallery-item'>\n\t\t\t<dt class='gallery-icon portrait'>\n\t\t\t\t<a href='https:\/\/yanaross.com\/wp-content\/uploads\/2012\/02\/Bremen-Freiheit-07.jpg'><img width=\"150\" height=\"150\" src=\"https:\/\/yanaross.com\/wp-content\/uploads\/2012\/02\/Bremen-Freiheit-07-150x150.jpg\" class=\"attachment-thumbnail size-thumbnail\" alt=\"\" decoding=\"async\" loading=\"lazy\" srcset=\"https:\/\/yanaross.com\/wp-content\/uploads\/2012\/02\/Bremen-Freiheit-07-150x150.jpg 150w, https:\/\/yanaross.com\/wp-content\/uploads\/2012\/02\/Bremen-Freiheit-07-256x256.jpg 256w, https:\/\/yanaross.com\/wp-content\/uploads\/2012\/02\/Bremen-Freiheit-07-96x96.jpg 96w, https:\/\/yanaross.com\/wp-content\/uploads\/2012\/02\/Bremen-Freiheit-07-24x24.jpg 24w, https:\/\/yanaross.com\/wp-content\/uploads\/2012\/02\/Bremen-Freiheit-07-36x36.jpg 36w, https:\/\/yanaross.com\/wp-content\/uploads\/2012\/02\/Bremen-Freiheit-07-48x48.jpg 48w, https:\/\/yanaross.com\/wp-content\/uploads\/2012\/02\/Bremen-Freiheit-07-64x64.jpg 64w\" sizes=\"(max-width: 150px) 100vw, 150px\" \/><\/a>\n\t\t\t<\/dt><\/dl><dl class='gallery-item'>\n\t\t\t<dt class='gallery-icon landscape'>\n\t\t\t\t<a href='https:\/\/yanaross.com\/wp-content\/uploads\/2012\/02\/Bremen-Freiheit-08.jpg'><img width=\"150\" height=\"150\" src=\"https:\/\/yanaross.com\/wp-content\/uploads\/2012\/02\/Bremen-Freiheit-08-150x150.jpg\" class=\"attachment-thumbnail size-thumbnail\" alt=\"\" decoding=\"async\" loading=\"lazy\" srcset=\"https:\/\/yanaross.com\/wp-content\/uploads\/2012\/02\/Bremen-Freiheit-08-150x150.jpg 150w, https:\/\/yanaross.com\/wp-content\/uploads\/2012\/02\/Bremen-Freiheit-08-256x256.jpg 256w, https:\/\/yanaross.com\/wp-content\/uploads\/2012\/02\/Bremen-Freiheit-08-96x96.jpg 96w, https:\/\/yanaross.com\/wp-content\/uploads\/2012\/02\/Bremen-Freiheit-08-24x24.jpg 24w, https:\/\/yanaross.com\/wp-content\/uploads\/2012\/02\/Bremen-Freiheit-08-36x36.jpg 36w, https:\/\/yanaross.com\/wp-content\/uploads\/2012\/02\/Bremen-Freiheit-08-48x48.jpg 48w, https:\/\/yanaross.com\/wp-content\/uploads\/2012\/02\/Bremen-Freiheit-08-64x64.jpg 64w\" sizes=\"(max-width: 150px) 100vw, 150px\" \/><\/a>\n\t\t\t<\/dt><\/dl><br style=\"clear: both\" \/><dl class='gallery-item'>\n\t\t\t<dt class='gallery-icon landscape'>\n\t\t\t\t<a href='https:\/\/yanaross.com\/wp-content\/uploads\/2012\/02\/Bremen-Freiheit-09.jpg'><img width=\"150\" height=\"150\" src=\"https:\/\/yanaross.com\/wp-content\/uploads\/2012\/02\/Bremen-Freiheit-09-150x150.jpg\" class=\"attachment-thumbnail size-thumbnail\" alt=\"\" decoding=\"async\" loading=\"lazy\" srcset=\"https:\/\/yanaross.com\/wp-content\/uploads\/2012\/02\/Bremen-Freiheit-09-150x150.jpg 150w, https:\/\/yanaross.com\/wp-content\/uploads\/2012\/02\/Bremen-Freiheit-09-256x256.jpg 256w, https:\/\/yanaross.com\/wp-content\/uploads\/2012\/02\/Bremen-Freiheit-09-96x96.jpg 96w, https:\/\/yanaross.com\/wp-content\/uploads\/2012\/02\/Bremen-Freiheit-09-24x24.jpg 24w, https:\/\/yanaross.com\/wp-content\/uploads\/2012\/02\/Bremen-Freiheit-09-36x36.jpg 36w, https:\/\/yanaross.com\/wp-content\/uploads\/2012\/02\/Bremen-Freiheit-09-48x48.jpg 48w, https:\/\/yanaross.com\/wp-content\/uploads\/2012\/02\/Bremen-Freiheit-09-64x64.jpg 64w\" sizes=\"(max-width: 150px) 100vw, 150px\" \/><\/a>\n\t\t\t<\/dt><\/dl><dl class='gallery-item'>\n\t\t\t<dt class='gallery-icon landscape'>\n\t\t\t\t<a href='https:\/\/yanaross.com\/wp-content\/uploads\/2012\/02\/Bremen-Freiheit-10.jpg'><img width=\"150\" height=\"150\" src=\"https:\/\/yanaross.com\/wp-content\/uploads\/2012\/02\/Bremen-Freiheit-10-150x150.jpg\" class=\"attachment-thumbnail size-thumbnail\" alt=\"\" decoding=\"async\" loading=\"lazy\" srcset=\"https:\/\/yanaross.com\/wp-content\/uploads\/2012\/02\/Bremen-Freiheit-10-150x150.jpg 150w, https:\/\/yanaross.com\/wp-content\/uploads\/2012\/02\/Bremen-Freiheit-10-256x256.jpg 256w, https:\/\/yanaross.com\/wp-content\/uploads\/2012\/02\/Bremen-Freiheit-10-96x96.jpg 96w, https:\/\/yanaross.com\/wp-content\/uploads\/2012\/02\/Bremen-Freiheit-10-24x24.jpg 24w, https:\/\/yanaross.com\/wp-content\/uploads\/2012\/02\/Bremen-Freiheit-10-36x36.jpg 36w, https:\/\/yanaross.com\/wp-content\/uploads\/2012\/02\/Bremen-Freiheit-10-48x48.jpg 48w, https:\/\/yanaross.com\/wp-content\/uploads\/2012\/02\/Bremen-Freiheit-10-64x64.jpg 64w\" sizes=\"(max-width: 150px) 100vw, 150px\" \/><\/a>\n\t\t\t<\/dt><\/dl><dl class='gallery-item'>\n\t\t\t<dt class='gallery-icon landscape'>\n\t\t\t\t<a href='https:\/\/yanaross.com\/wp-content\/uploads\/2012\/02\/Bremen-Freiheit-11.jpg'><img width=\"150\" height=\"150\" src=\"https:\/\/yanaross.com\/wp-content\/uploads\/2012\/02\/Bremen-Freiheit-11-150x150.jpg\" class=\"attachment-thumbnail size-thumbnail\" alt=\"\" decoding=\"async\" loading=\"lazy\" srcset=\"https:\/\/yanaross.com\/wp-content\/uploads\/2012\/02\/Bremen-Freiheit-11-150x150.jpg 150w, https:\/\/yanaross.com\/wp-content\/uploads\/2012\/02\/Bremen-Freiheit-11-256x256.jpg 256w, https:\/\/yanaross.com\/wp-content\/uploads\/2012\/02\/Bremen-Freiheit-11-96x96.jpg 96w, https:\/\/yanaross.com\/wp-content\/uploads\/2012\/02\/Bremen-Freiheit-11-24x24.jpg 24w, https:\/\/yanaross.com\/wp-content\/uploads\/2012\/02\/Bremen-Freiheit-11-36x36.jpg 36w, https:\/\/yanaross.com\/wp-content\/uploads\/2012\/02\/Bremen-Freiheit-11-48x48.jpg 48w, https:\/\/yanaross.com\/wp-content\/uploads\/2012\/02\/Bremen-Freiheit-11-64x64.jpg 64w\" sizes=\"(max-width: 150px) 100vw, 150px\" \/><\/a>\n\t\t\t<\/dt><\/dl><dl class='gallery-item'>\n\t\t\t<dt class='gallery-icon landscape'>\n\t\t\t\t<a href='https:\/\/yanaross.com\/wp-content\/uploads\/2012\/02\/Bremen-Freiheit-12.jpg'><img width=\"150\" height=\"150\" src=\"https:\/\/yanaross.com\/wp-content\/uploads\/2012\/02\/Bremen-Freiheit-12-150x150.jpg\" class=\"attachment-thumbnail size-thumbnail\" alt=\"\" decoding=\"async\" loading=\"lazy\" srcset=\"https:\/\/yanaross.com\/wp-content\/uploads\/2012\/02\/Bremen-Freiheit-12-150x150.jpg 150w, https:\/\/yanaross.com\/wp-content\/uploads\/2012\/02\/Bremen-Freiheit-12-256x256.jpg 256w, https:\/\/yanaross.com\/wp-content\/uploads\/2012\/02\/Bremen-Freiheit-12-96x96.jpg 96w, https:\/\/yanaross.com\/wp-content\/uploads\/2012\/02\/Bremen-Freiheit-12-24x24.jpg 24w, https:\/\/yanaross.com\/wp-content\/uploads\/2012\/02\/Bremen-Freiheit-12-36x36.jpg 36w, https:\/\/yanaross.com\/wp-content\/uploads\/2012\/02\/Bremen-Freiheit-12-48x48.jpg 48w, https:\/\/yanaross.com\/wp-content\/uploads\/2012\/02\/Bremen-Freiheit-12-64x64.jpg 64w\" sizes=\"(max-width: 150px) 100vw, 150px\" \/><\/a>\n\t\t\t<\/dt><\/dl><br style=\"clear: both\" \/><dl class='gallery-item'>\n\t\t\t<dt class='gallery-icon landscape'>\n\t\t\t\t<a href='https:\/\/yanaross.com\/wp-content\/uploads\/2012\/02\/Bremen-Freiheit-13.jpg'><img width=\"150\" height=\"150\" src=\"https:\/\/yanaross.com\/wp-content\/uploads\/2012\/02\/Bremen-Freiheit-13-150x150.jpg\" class=\"attachment-thumbnail size-thumbnail\" alt=\"\" decoding=\"async\" loading=\"lazy\" srcset=\"https:\/\/yanaross.com\/wp-content\/uploads\/2012\/02\/Bremen-Freiheit-13-150x150.jpg 150w, https:\/\/yanaross.com\/wp-content\/uploads\/2012\/02\/Bremen-Freiheit-13-256x256.jpg 256w, https:\/\/yanaross.com\/wp-content\/uploads\/2012\/02\/Bremen-Freiheit-13-96x96.jpg 96w, https:\/\/yanaross.com\/wp-content\/uploads\/2012\/02\/Bremen-Freiheit-13-24x24.jpg 24w, https:\/\/yanaross.com\/wp-content\/uploads\/2012\/02\/Bremen-Freiheit-13-36x36.jpg 36w, https:\/\/yanaross.com\/wp-content\/uploads\/2012\/02\/Bremen-Freiheit-13-48x48.jpg 48w, https:\/\/yanaross.com\/wp-content\/uploads\/2012\/02\/Bremen-Freiheit-13-64x64.jpg 64w\" sizes=\"(max-width: 150px) 100vw, 150px\" \/><\/a>\n\t\t\t<\/dt><\/dl>\n\t\t\t<br style='clear: both' \/>\n\t\t<\/div>\n\n","protected":false},"excerpt":{"rendered":"<p>&nbsp; From the interview in IEVA magazine &nbsp; Why did you choose Fassbinder\u2019s Bremen Freedom? I always loved Fassbinder\u2019s work for the theater because it often speaks about social issues but doesn\u2019t leave behind the human nature and he uses intense feelings and emotion to convey social injustice. This play caught my eye because a <a href='https:\/\/yanaross.com\/?p=71' class='excerpt-more'>[&#8230;]<\/a><\/p>\n","protected":false},"author":1,"featured_media":276,"comment_status":"closed","ping_status":"closed","sticky":false,"template":"","format":"standard","meta":[],"categories":[3],"tags":[5],"_links":{"self":[{"href":"https:\/\/yanaross.com\/index.php?rest_route=\/wp\/v2\/posts\/71"}],"collection":[{"href":"https:\/\/yanaross.com\/index.php?rest_route=\/wp\/v2\/posts"}],"about":[{"href":"https:\/\/yanaross.com\/index.php?rest_route=\/wp\/v2\/types\/post"}],"author":[{"embeddable":true,"href":"https:\/\/yanaross.com\/index.php?rest_route=\/wp\/v2\/users\/1"}],"replies":[{"embeddable":true,"href":"https:\/\/yanaross.com\/index.php?rest_route=%2Fwp%2Fv2%2Fcomments&post=71"}],"version-history":[{"count":48,"href":"https:\/\/yanaross.com\/index.php?rest_route=\/wp\/v2\/posts\/71\/revisions"}],"predecessor-version":[{"id":1353,"href":"https:\/\/yanaross.com\/index.php?rest_route=\/wp\/v2\/posts\/71\/revisions\/1353"}],"wp:featuredmedia":[{"embeddable":true,"href":"https:\/\/yanaross.com\/index.php?rest_route=\/wp\/v2\/media\/276"}],"wp:attachment":[{"href":"https:\/\/yanaross.com\/index.php?rest_route=%2Fwp%2Fv2%2Fmedia&parent=71"}],"wp:term":[{"taxonomy":"category","embeddable":true,"href":"https:\/\/yanaross.com\/index.php?rest_route=%2Fwp%2Fv2%2Fcategories&post=71"},{"taxonomy":"post_tag","embeddable":true,"href":"https:\/\/yanaross.com\/index.php?rest_route=%2Fwp%2Fv2%2Ftags&post=71"}],"curies":[{"name":"wp","href":"https:\/\/api.w.org\/{rel}","templated":true}]}}